{"id":1313,"date":"2024-06-07T12:10:25","date_gmt":"2024-06-07T12:10:25","guid":{"rendered":"https:\/\/jamondor.com\/2024\/09\/03\/jamondor-participa-en-el-xii-congreso-mundial-del-jamon-en-extremadura\/"},"modified":"2024-10-16T06:29:30","modified_gmt":"2024-10-16T06:29:30","slug":"jamondor-participa-en-el-xii-congreso-mundial-del-jamon-en-extremadura","status":"publish","type":"post","link":"https:\/\/jamondor.com\/es\/jamondor-participa-en-el-xii-congreso-mundial-del-jamon-en-extremadura\/","title":{"rendered":"JAMONDOR participa en el XII Congreso Mundial del Jam\u00f3n en Extremadura"},"content":{"rendered":"\n<p><strong>Zafra, Extremadura, 2024<\/strong> &#8211; Actualmente se est\u00e1 celebrando en Zafra, Extremadura, el XII Congreso Mundial del Jam\u00f3n, que re\u00fane a m\u00e1s de 450 participantes bajo el lema &#8216;En tierra de maestros para el mundo&#8217;. Este significativo evento pretende poner de relieve y analizar los intrincados procesos que intervienen en la producci\u00f3n, transformaci\u00f3n e internacionalizaci\u00f3n del jam\u00f3n espa\u00f1ol a trav\u00e9s de una treintena de ponencias.<\/p>\n\n<p>JAMONDOR se enorgullece de formar parte de este prestigioso encuentro. Nuestro Director General, Vicente Raga, asistir\u00e1 al congreso, lo que subraya nuestro compromiso de mantenernos a la vanguardia de la evoluci\u00f3n del sector. Este acontecimiento ha brindado a Vicente una excelente oportunidad de relacionarse con colegas del sector, incluido un memorable reencuentro con Naoto Watanabe, a quien vio por \u00faltima vez en la feria FOODEX de Jap\u00f3n.  <\/p>\n\n<p>El congreso, organizado por la Asociaci\u00f3n Nacional de Industrias de la Carne de Espa\u00f1a (ANICE) y la Federaci\u00f3n de Industrias de la Carne e Industrias C\u00e1rnicas (FECIC), ha sido un \u00e9xito rotundo, gracias a su meticulosa planificaci\u00f3n y ejecuci\u00f3n. El acto concluye ma\u00f1ana, una serie de interesantes debates y oportunidades de establecer contactos que han reforzado la importancia mundial del jam\u00f3n espa\u00f1ol. <\/p>\n\n<p>En JAMONDOR estamos encantados de formar parte de un evento tan importante que celebra nuestro apreciado producto y su alcance mundial. Nuestra participaci\u00f3n refleja nuestra dedicaci\u00f3n a la excelencia y nuestros continuos esfuerzos por mejorar la calidad y el reconocimiento del jam\u00f3n espa\u00f1ol en todo el mundo. para mejorar la calidad y el reconocimiento del jam\u00f3n espa\u00f1ol en todo el mundo. <\/p>\n\n<p><em>JAMONDOR, l\u00edder en jam\u00f3n espa\u00f1ol de primera calidad, sigue manteniendo la tradici\u00f3n y la calidad de la elaboraci\u00f3n del jam\u00f3n, ofreciendo delicias gourmet a conocedores de todo el mundo.<\/em><\/p>\n","protected":false},"excerpt":{"rendered":"<p>Zafra, Extremadura, 2024 &#8211; Actualmente se est\u00e1 celebrando en Zafra, [&hellip;]<\/p>\n","protected":false},"author":3,"featured_media":1107,"comment_status":"closed","ping_status":"closed","sticky":false,"template":"","format":"standard","meta":{"_acf_changed":false,"inline_featured_image":false,"site-sidebar-layout":"default","site-content-layout":"","ast-site-content-layout":"default","site-content-style":"default","site-sidebar-style":"default","ast-global-header-display":"","ast-banner-title-visibility":"","ast-main-header-display":"","ast-hfb-above-header-display":"","ast-hfb-below-header-display":"","ast-hfb-mobile-header-display":"","site-post-title":"","ast-breadcrumbs-content":"","ast-featured-img":"","footer-sml-layout":"","ast-disable-related-posts":"","theme-transparent-header-meta":"","adv-header-id-meta":"","stick-header-meta":"","header-above-stick-meta":"","header-main-stick-meta":"","header-below-stick-meta":"","astra-migrate-meta-layouts":"default","ast-page-background-enabled":"default","ast-page-background-meta":{"desktop":{"background-color":"var(--ast-global-color-4)","background-image":"","background-repeat":"repeat","background-position":"center center","background-size":"auto","background-attachment":"scroll","background-type":"","background-media":"","overlay-type":"","overlay-color":"","overlay-opacity":"","overlay-gradient":""},"tablet":{"background-color":"","background-image":"","background-repeat":"repeat","background-position":"center center","background-size":"auto","background-attachment":"scroll","background-type":"","background-media":"","overlay-type":"","overlay-color":"","overlay-opacity":"","overlay-gradient":""},"mobile":{"background-color":"","background-image":"","background-repeat":"repeat","background-position":"center center","background-size":"auto","background-attachment":"scroll","background-type":"","background-media":"","overlay-type":"","overlay-color":"","overlay-opacity":"","overlay-gradient":""}},"ast-content-background-meta":{"desktop":{"background-color":"var(--ast-global-color-5)","background-image":"","background-repeat":"repeat","background-position":"center center","background-size":"auto","background-attachment":"scroll","background-type":"","background-media":"","overlay-type":"","overlay-color":"","overlay-opacity":"","overlay-gradient":""},"tablet":{"background-color":"var(--ast-global-color-5)","background-image":"","background-repeat":"repeat","background-position":"center center","background-size":"auto","background-attachment":"scroll","background-type":"","background-media":"","overlay-type":"","overlay-color":"","overlay-opacity":"","overlay-gradient":""},"mobile":{"background-color":"var(--ast-global-color-5)","background-image":"","background-repeat":"repeat","background-position":"center center","background-size":"auto","background-attachment":"scroll","background-type":"","background-media":"","overlay-type":"","overlay-color":"","overlay-opacity":"","overlay-gradient":""}},"footnotes":""},"categories":[37],"tags":[],"class_list":["post-1313","post","type-post","status-publish","format-standard","has-post-thumbnail","hentry","category-sin-categorizar"],"nelio_popups_active_popup":"","acf":[],"yoast_head":"<!-- This site is optimized with the Yoast SEO plugin v27.5 - https:\/\/yoast.com\/product\/yoast-seo-wordpress\/ -->\n<title>JAMONDOR participa en el XII Congreso Mundial del Jam\u00f3n en Extremadura - Jamondor | Serrano &amp; Ib\u00e9rico<\/title>\n<meta name=\"robots\" content=\"index, follow, max-snippet:-1, max-image-preview:large, max-video-preview:-1\" \/>\n<link rel=\"canonical\" href=\"https:\/\/jamondor.com\/es\/jamondor-participa-en-el-xii-congreso-mundial-del-jamon-en-extremadura\/\" \/>\n<meta property=\"og:locale\" content=\"es_ES\" \/>\n<meta property=\"og:type\" content=\"article\" \/>\n<meta property=\"og:title\" content=\"JAMONDOR participa en el XII Congreso Mundial del Jam\u00f3n en Extremadura - Jamondor | Serrano &amp; Ib\u00e9rico\" \/>\n<meta property=\"og:description\" content=\"Zafra, Extremadura, 2024 &#8211; Actualmente se est\u00e1 celebrando en Zafra, [&hellip;]\" \/>\n<meta property=\"og:url\" content=\"https:\/\/jamondor.com\/es\/jamondor-participa-en-el-xii-congreso-mundial-del-jamon-en-extremadura\/\" \/>\n<meta property=\"og:site_name\" content=\"Jamondor | Serrano &amp; Ib\u00e9rico\" \/>\n<meta property=\"article:published_time\" content=\"2024-06-07T12:10:25+00:00\" \/>\n<meta property=\"article:modified_time\" content=\"2024-10-16T06:29:30+00:00\" \/>\n<meta property=\"og:image\" content=\"https:\/\/jamondor.com\/wp-content\/uploads\/2024\/09\/JAMONDOR-at-the-XII-World-Ham-Congress-in-Extremadura.webp\" \/>\n\t<meta property=\"og:image:width\" content=\"1351\" \/>\n\t<meta property=\"og:image:height\" content=\"588\" \/>\n\t<meta property=\"og:image:type\" content=\"image\/webp\" \/>\n<meta name=\"author\" content=\"vraga\" \/>\n<meta name=\"twitter:card\" content=\"summary_large_image\" \/>\n<meta name=\"twitter:label1\" content=\"Escrito por\" \/>\n\t<meta name=\"twitter:data1\" content=\"vraga\" \/>\n\t<meta name=\"twitter:label2\" content=\"Tiempo de lectura\" \/>\n\t<meta name=\"twitter:data2\" content=\"2 minutos\" \/>\n<script type=\"application\/ld+json\" class=\"yoast-schema-graph\">{\"@context\":\"https:\\\/\\\/schema.org\",\"@graph\":[{\"@type\":\"Article\",\"@id\":\"https:\\\/\\\/jamondor.com\\\/es\\\/jamondor-participa-en-el-xii-congreso-mundial-del-jamon-en-extremadura\\\/#article\",\"isPartOf\":{\"@id\":\"https:\\\/\\\/jamondor.com\\\/es\\\/jamondor-participa-en-el-xii-congreso-mundial-del-jamon-en-extremadura\\\/\"},\"author\":{\"name\":\"vraga\",\"@id\":\"https:\\\/\\\/jamondor.com\\\/es\\\/#\\\/schema\\\/person\\\/35d786100d26fd89efc044dd4cef6119\"},\"headline\":\"JAMONDOR participa en el XII Congreso Mundial del Jam\u00f3n en Extremadura\",\"datePublished\":\"2024-06-07T12:10:25+00:00\",\"dateModified\":\"2024-10-16T06:29:30+00:00\",\"mainEntityOfPage\":{\"@id\":\"https:\\\/\\\/jamondor.com\\\/es\\\/jamondor-participa-en-el-xii-congreso-mundial-del-jamon-en-extremadura\\\/\"},\"wordCount\":325,\"publisher\":{\"@id\":\"https:\\\/\\\/jamondor.com\\\/es\\\/#organization\"},\"image\":{\"@id\":\"https:\\\/\\\/jamondor.com\\\/es\\\/jamondor-participa-en-el-xii-congreso-mundial-del-jamon-en-extremadura\\\/#primaryimage\"},\"thumbnailUrl\":\"https:\\\/\\\/jamondor.com\\\/wp-content\\\/uploads\\\/2024\\\/09\\\/JAMONDOR-at-the-XII-World-Ham-Congress-in-Extremadura.webp\",\"articleSection\":[\"Sin categorizar\"],\"inLanguage\":\"es\"},{\"@type\":\"WebPage\",\"@id\":\"https:\\\/\\\/jamondor.com\\\/es\\\/jamondor-participa-en-el-xii-congreso-mundial-del-jamon-en-extremadura\\\/\",\"url\":\"https:\\\/\\\/jamondor.com\\\/es\\\/jamondor-participa-en-el-xii-congreso-mundial-del-jamon-en-extremadura\\\/\",\"name\":\"JAMONDOR participa en el XII Congreso Mundial del Jam\u00f3n en Extremadura - Jamondor | Serrano & Ib\u00e9rico\",\"isPartOf\":{\"@id\":\"https:\\\/\\\/jamondor.com\\\/es\\\/#website\"},\"primaryImageOfPage\":{\"@id\":\"https:\\\/\\\/jamondor.com\\\/es\\\/jamondor-participa-en-el-xii-congreso-mundial-del-jamon-en-extremadura\\\/#primaryimage\"},\"image\":{\"@id\":\"https:\\\/\\\/jamondor.com\\\/es\\\/jamondor-participa-en-el-xii-congreso-mundial-del-jamon-en-extremadura\\\/#primaryimage\"},\"thumbnailUrl\":\"https:\\\/\\\/jamondor.com\\\/wp-content\\\/uploads\\\/2024\\\/09\\\/JAMONDOR-at-the-XII-World-Ham-Congress-in-Extremadura.webp\",\"datePublished\":\"2024-06-07T12:10:25+00:00\",\"dateModified\":\"2024-10-16T06:29:30+00:00\",\"breadcrumb\":{\"@id\":\"https:\\\/\\\/jamondor.com\\\/es\\\/jamondor-participa-en-el-xii-congreso-mundial-del-jamon-en-extremadura\\\/#breadcrumb\"},\"inLanguage\":\"es\",\"potentialAction\":[{\"@type\":\"ReadAction\",\"target\":[\"https:\\\/\\\/jamondor.com\\\/es\\\/jamondor-participa-en-el-xii-congreso-mundial-del-jamon-en-extremadura\\\/\"]}]},{\"@type\":\"ImageObject\",\"inLanguage\":\"es\",\"@id\":\"https:\\\/\\\/jamondor.com\\\/es\\\/jamondor-participa-en-el-xii-congreso-mundial-del-jamon-en-extremadura\\\/#primaryimage\",\"url\":\"https:\\\/\\\/jamondor.com\\\/wp-content\\\/uploads\\\/2024\\\/09\\\/JAMONDOR-at-the-XII-World-Ham-Congress-in-Extremadura.webp\",\"contentUrl\":\"https:\\\/\\\/jamondor.com\\\/wp-content\\\/uploads\\\/2024\\\/09\\\/JAMONDOR-at-the-XII-World-Ham-Congress-in-Extremadura.webp\",\"width\":1351,\"height\":588},{\"@type\":\"BreadcrumbList\",\"@id\":\"https:\\\/\\\/jamondor.com\\\/es\\\/jamondor-participa-en-el-xii-congreso-mundial-del-jamon-en-extremadura\\\/#breadcrumb\",\"itemListElement\":[{\"@type\":\"ListItem\",\"position\":1,\"name\":\"Portada\",\"item\":\"https:\\\/\\\/jamondor.com\\\/es\\\/\"},{\"@type\":\"ListItem\",\"position\":2,\"name\":\"JAMONDOR participa en el XII Congreso Mundial del Jam\u00f3n en Extremadura\"}]},{\"@type\":\"WebSite\",\"@id\":\"https:\\\/\\\/jamondor.com\\\/es\\\/#website\",\"url\":\"https:\\\/\\\/jamondor.com\\\/es\\\/\",\"name\":\"Jamondor | Serrano & Ib\u00e9rico\",\"description\":\"Serrano &amp; Ib\u00e9rico\",\"publisher\":{\"@id\":\"https:\\\/\\\/jamondor.com\\\/es\\\/#organization\"},\"potentialAction\":[{\"@type\":\"SearchAction\",\"target\":{\"@type\":\"EntryPoint\",\"urlTemplate\":\"https:\\\/\\\/jamondor.com\\\/es\\\/?s={search_term_string}\"},\"query-input\":{\"@type\":\"PropertyValueSpecification\",\"valueRequired\":true,\"valueName\":\"search_term_string\"}}],\"inLanguage\":\"es\"},{\"@type\":\"Organization\",\"@id\":\"https:\\\/\\\/jamondor.com\\\/es\\\/#organization\",\"name\":\"Jamondor | Serrano & Ib\u00e9rico\",\"url\":\"https:\\\/\\\/jamondor.com\\\/es\\\/\",\"logo\":{\"@type\":\"ImageObject\",\"inLanguage\":\"es\",\"@id\":\"https:\\\/\\\/jamondor.com\\\/es\\\/#\\\/schema\\\/logo\\\/image\\\/\",\"url\":\"https:\\\/\\\/jamondor.com\\\/wp-content\\\/uploads\\\/2024\\\/08\\\/imagen_de_perfil_youtube_-_jamondor_1.webp\",\"contentUrl\":\"https:\\\/\\\/jamondor.com\\\/wp-content\\\/uploads\\\/2024\\\/08\\\/imagen_de_perfil_youtube_-_jamondor_1.webp\",\"width\":480,\"height\":480,\"caption\":\"Jamondor | Serrano & Ib\u00e9rico\"},\"image\":{\"@id\":\"https:\\\/\\\/jamondor.com\\\/es\\\/#\\\/schema\\\/logo\\\/image\\\/\"},\"sameAs\":[\"https:\\\/\\\/www.linkedin.com\\\/company\\\/jamondul-sl\\\/\"]},{\"@type\":\"Person\",\"@id\":\"https:\\\/\\\/jamondor.com\\\/es\\\/#\\\/schema\\\/person\\\/35d786100d26fd89efc044dd4cef6119\",\"name\":\"vraga\",\"image\":{\"@type\":\"ImageObject\",\"inLanguage\":\"es\",\"@id\":\"https:\\\/\\\/secure.gravatar.com\\\/avatar\\\/2ea53bd6bbf2b3f853034f1cc908774f4d0108d0da9f48266ca43894af20d093?s=96&d=mm&r=g\",\"url\":\"https:\\\/\\\/secure.gravatar.com\\\/avatar\\\/2ea53bd6bbf2b3f853034f1cc908774f4d0108d0da9f48266ca43894af20d093?s=96&d=mm&r=g\",\"contentUrl\":\"https:\\\/\\\/secure.gravatar.com\\\/avatar\\\/2ea53bd6bbf2b3f853034f1cc908774f4d0108d0da9f48266ca43894af20d093?s=96&d=mm&r=g\",\"caption\":\"vraga\"}}]}<\/script>\n<!-- \/ Yoast SEO plugin. -->","yoast_head_json":{"title":"JAMONDOR participa en el XII Congreso Mundial del Jam\u00f3n en Extremadura - Jamondor | Serrano & Ib\u00e9rico","robots":{"index":"index","follow":"follow","max-snippet":"max-snippet:-1","max-image-preview":"max-image-preview:large","max-video-preview":"max-video-preview:-1"},"canonical":"https:\/\/jamondor.com\/es\/jamondor-participa-en-el-xii-congreso-mundial-del-jamon-en-extremadura\/","og_locale":"es_ES","og_type":"article","og_title":"JAMONDOR participa en el XII Congreso Mundial del Jam\u00f3n en Extremadura - Jamondor | Serrano & Ib\u00e9rico","og_description":"Zafra, Extremadura, 2024 &#8211; Actualmente se est\u00e1 celebrando en Zafra, [&hellip;]","og_url":"https:\/\/jamondor.com\/es\/jamondor-participa-en-el-xii-congreso-mundial-del-jamon-en-extremadura\/","og_site_name":"Jamondor | Serrano & Ib\u00e9rico","article_published_time":"2024-06-07T12:10:25+00:00","article_modified_time":"2024-10-16T06:29:30+00:00","og_image":[{"width":1351,"height":588,"url":"https:\/\/jamondor.com\/wp-content\/uploads\/2024\/09\/JAMONDOR-at-the-XII-World-Ham-Congress-in-Extremadura.webp","type":"image\/webp"}],"author":"vraga","twitter_card":"summary_large_image","twitter_misc":{"Escrito por":"vraga","Tiempo de lectura":"2 minutos"},"schema":{"@context":"https:\/\/schema.org","@graph":[{"@type":"Article","@id":"https:\/\/jamondor.com\/es\/jamondor-participa-en-el-xii-congreso-mundial-del-jamon-en-extremadura\/#article","isPartOf":{"@id":"https:\/\/jamondor.com\/es\/jamondor-participa-en-el-xii-congreso-mundial-del-jamon-en-extremadura\/"},"author":{"name":"vraga","@id":"https:\/\/jamondor.com\/es\/#\/schema\/person\/35d786100d26fd89efc044dd4cef6119"},"headline":"JAMONDOR participa en el XII Congreso Mundial del Jam\u00f3n en Extremadura","datePublished":"2024-06-07T12:10:25+00:00","dateModified":"2024-10-16T06:29:30+00:00","mainEntityOfPage":{"@id":"https:\/\/jamondor.com\/es\/jamondor-participa-en-el-xii-congreso-mundial-del-jamon-en-extremadura\/"},"wordCount":325,"publisher":{"@id":"https:\/\/jamondor.com\/es\/#organization"},"image":{"@id":"https:\/\/jamondor.com\/es\/jamondor-participa-en-el-xii-congreso-mundial-del-jamon-en-extremadura\/#primaryimage"},"thumbnailUrl":"https:\/\/jamondor.com\/wp-content\/uploads\/2024\/09\/JAMONDOR-at-the-XII-World-Ham-Congress-in-Extremadura.webp","articleSection":["Sin categorizar"],"inLanguage":"es"},{"@type":"WebPage","@id":"https:\/\/jamondor.com\/es\/jamondor-participa-en-el-xii-congreso-mundial-del-jamon-en-extremadura\/","url":"https:\/\/jamondor.com\/es\/jamondor-participa-en-el-xii-congreso-mundial-del-jamon-en-extremadura\/","name":"JAMONDOR participa en el XII Congreso Mundial del Jam\u00f3n en Extremadura - Jamondor | Serrano & Ib\u00e9rico","isPartOf":{"@id":"https:\/\/jamondor.com\/es\/#website"},"primaryImageOfPage":{"@id":"https:\/\/jamondor.com\/es\/jamondor-participa-en-el-xii-congreso-mundial-del-jamon-en-extremadura\/#primaryimage"},"image":{"@id":"https:\/\/jamondor.com\/es\/jamondor-participa-en-el-xii-congreso-mundial-del-jamon-en-extremadura\/#primaryimage"},"thumbnailUrl":"https:\/\/jamondor.com\/wp-content\/uploads\/2024\/09\/JAMONDOR-at-the-XII-World-Ham-Congress-in-Extremadura.webp","datePublished":"2024-06-07T12:10:25+00:00","dateModified":"2024-10-16T06:29:30+00:00","breadcrumb":{"@id":"https:\/\/jamondor.com\/es\/jamondor-participa-en-el-xii-congreso-mundial-del-jamon-en-extremadura\/#breadcrumb"},"inLanguage":"es","potentialAction":[{"@type":"ReadAction","target":["https:\/\/jamondor.com\/es\/jamondor-participa-en-el-xii-congreso-mundial-del-jamon-en-extremadura\/"]}]},{"@type":"ImageObject","inLanguage":"es","@id":"https:\/\/jamondor.com\/es\/jamondor-participa-en-el-xii-congreso-mundial-del-jamon-en-extremadura\/#primaryimage","url":"https:\/\/jamondor.com\/wp-content\/uploads\/2024\/09\/JAMONDOR-at-the-XII-World-Ham-Congress-in-Extremadura.webp","contentUrl":"https:\/\/jamondor.com\/wp-content\/uploads\/2024\/09\/JAMONDOR-at-the-XII-World-Ham-Congress-in-Extremadura.webp","width":1351,"height":588},{"@type":"BreadcrumbList","@id":"https:\/\/jamondor.com\/es\/jamondor-participa-en-el-xii-congreso-mundial-del-jamon-en-extremadura\/#breadcrumb","itemListElement":[{"@type":"ListItem","position":1,"name":"Portada","item":"https:\/\/jamondor.com\/es\/"},{"@type":"ListItem","position":2,"name":"JAMONDOR participa en el XII Congreso Mundial del Jam\u00f3n en Extremadura"}]},{"@type":"WebSite","@id":"https:\/\/jamondor.com\/es\/#website","url":"https:\/\/jamondor.com\/es\/","name":"Jamondor | Serrano & Ib\u00e9rico","description":"Serrano &amp; Ib\u00e9rico","publisher":{"@id":"https:\/\/jamondor.com\/es\/#organization"},"potentialAction":[{"@type":"SearchAction","target":{"@type":"EntryPoint","urlTemplate":"https:\/\/jamondor.com\/es\/?s={search_term_string}"},"query-input":{"@type":"PropertyValueSpecification","valueRequired":true,"valueName":"search_term_string"}}],"inLanguage":"es"},{"@type":"Organization","@id":"https:\/\/jamondor.com\/es\/#organization","name":"Jamondor | Serrano & Ib\u00e9rico","url":"https:\/\/jamondor.com\/es\/","logo":{"@type":"ImageObject","inLanguage":"es","@id":"https:\/\/jamondor.com\/es\/#\/schema\/logo\/image\/","url":"https:\/\/jamondor.com\/wp-content\/uploads\/2024\/08\/imagen_de_perfil_youtube_-_jamondor_1.webp","contentUrl":"https:\/\/jamondor.com\/wp-content\/uploads\/2024\/08\/imagen_de_perfil_youtube_-_jamondor_1.webp","width":480,"height":480,"caption":"Jamondor | Serrano & Ib\u00e9rico"},"image":{"@id":"https:\/\/jamondor.com\/es\/#\/schema\/logo\/image\/"},"sameAs":["https:\/\/www.linkedin.com\/company\/jamondul-sl\/"]},{"@type":"Person","@id":"https:\/\/jamondor.com\/es\/#\/schema\/person\/35d786100d26fd89efc044dd4cef6119","name":"vraga","image":{"@type":"ImageObject","inLanguage":"es","@id":"https:\/\/secure.gravatar.com\/avatar\/2ea53bd6bbf2b3f853034f1cc908774f4d0108d0da9f48266ca43894af20d093?s=96&d=mm&r=g","url":"https:\/\/secure.gravatar.com\/avatar\/2ea53bd6bbf2b3f853034f1cc908774f4d0108d0da9f48266ca43894af20d093?s=96&d=mm&r=g","contentUrl":"https:\/\/secure.gravatar.com\/avatar\/2ea53bd6bbf2b3f853034f1cc908774f4d0108d0da9f48266ca43894af20d093?s=96&d=mm&r=g","caption":"vraga"}}]}},"_links":{"self":[{"href":"https:\/\/jamondor.com\/es\/wp-json\/wp\/v2\/posts\/1313","targetHints":{"allow":["GET"]}}],"collection":[{"href":"https:\/\/jamondor.com\/es\/wp-json\/wp\/v2\/posts"}],"about":[{"href":"https:\/\/jamondor.com\/es\/wp-json\/wp\/v2\/types\/post"}],"author":[{"embeddable":true,"href":"https:\/\/jamondor.com\/es\/wp-json\/wp\/v2\/users\/3"}],"replies":[{"embeddable":true,"href":"https:\/\/jamondor.com\/es\/wp-json\/wp\/v2\/comments?post=1313"}],"version-history":[{"count":1,"href":"https:\/\/jamondor.com\/es\/wp-json\/wp\/v2\/posts\/1313\/revisions"}],"predecessor-version":[{"id":1314,"href":"https:\/\/jamondor.com\/es\/wp-json\/wp\/v2\/posts\/1313\/revisions\/1314"}],"wp:featuredmedia":[{"embeddable":true,"href":"https:\/\/jamondor.com\/es\/wp-json\/wp\/v2\/media\/1107"}],"wp:attachment":[{"href":"https:\/\/jamondor.com\/es\/wp-json\/wp\/v2\/media?parent=1313"}],"wp:term":[{"taxonomy":"category","embeddable":true,"href":"https:\/\/jamondor.com\/es\/wp-json\/wp\/v2\/categories?post=1313"},{"taxonomy":"post_tag","embeddable":true,"href":"https:\/\/jamondor.com\/es\/wp-json\/wp\/v2\/tags?post=1313"}],"curies":[{"name":"wp","href":"https:\/\/api.w.org\/{rel}","templated":true}]}}